{"id":909,"date":"2026-04-09T16:37:03","date_gmt":"2026-04-09T14:37:03","guid":{"rendered":"https:\/\/blog.bis.uni-oldenburg.de\/uniarchiv\/?p=909"},"modified":"2026-04-09T16:45:14","modified_gmt":"2026-04-09T14:45:14","slug":"50-jahre-oldenburger-fahrrad-demonstration-vortrag-im-oldenburger-landesverein","status":"publish","type":"post","link":"https:\/\/blog.bis.uni-oldenburg.de\/uniarchiv\/50-jahre-oldenburger-fahrrad-demonstration-vortrag-im-oldenburger-landesverein\/","title":{"rendered":"50 Jahre Oldenburger Fahrrad-Demonstration \u2013 Vortrag im Oldenburger Landesverein"},"content":{"rendered":"<p>Im Juni sind 50 Jahre vergangen, seit ca. 1.100 Studierende, Lehrende und Mitarbeitende der 1973\/74 gegr\u00fcndeten Universit\u00e4t Oldenburg sich mit dem Fahrrad aufmachten, um nach dreieinhalb Tagen im Sattel (vom 13. bis 16. Juni 1976) in der nieders\u00e4chsischen Landeshauptstadt gegen den verk\u00fcndeten Sparkurs der neuen CDU-Landesregierung unter Ministerpr\u00e4sident Ernst Albrecht sowie die damit verbundenen bildungspolitischen Implikationen und Folgewirkungen zu protestieren. Die Vorgaben aus Hannover stellten f\u00fcr die nachhaltige Entwicklung der im Aufbau befindlichen Universit\u00e4t eine ernsthafte Gefahr dar. Das kreative Protestformat wurde landes- und bundesweit wahrgenommen und trug dazu bei, dass eigentlich gestrichene Mittel schlie\u00dflich doch noch zur Verf\u00fcgung gestellt wurden.<\/p>\n<figure id=\"attachment_911\" aria-describedby=\"caption-attachment-911\" style=\"width: 300px\" class=\"wp-caption alignnone\"><img loading=\"lazy\" decoding=\"async\" class=\"size-medium wp-image-911\" src=\"https:\/\/blog.bis.uni-oldenburg.de\/uniarchiv\/wp-content\/uploads\/2026\/04\/Medienarchiv-OL_Fahrraddemo_01-300x224.jpg\" alt=\"\" width=\"300\" height=\"224\" srcset=\"https:\/\/blog.bis.uni-oldenburg.de\/uniarchiv\/wp-content\/uploads\/2026\/04\/Medienarchiv-OL_Fahrraddemo_01-300x224.jpg 300w, https:\/\/blog.bis.uni-oldenburg.de\/uniarchiv\/wp-content\/uploads\/2026\/04\/Medienarchiv-OL_Fahrraddemo_01-1024x765.jpg 1024w, https:\/\/blog.bis.uni-oldenburg.de\/uniarchiv\/wp-content\/uploads\/2026\/04\/Medienarchiv-OL_Fahrraddemo_01-768x573.jpg 768w, https:\/\/blog.bis.uni-oldenburg.de\/uniarchiv\/wp-content\/uploads\/2026\/04\/Medienarchiv-OL_Fahrraddemo_01-1536x1147.jpg 1536w, https:\/\/blog.bis.uni-oldenburg.de\/uniarchiv\/wp-content\/uploads\/2026\/04\/Medienarchiv-OL_Fahrraddemo_01-1568x1171.jpg 1568w, https:\/\/blog.bis.uni-oldenburg.de\/uniarchiv\/wp-content\/uploads\/2026\/04\/Medienarchiv-OL_Fahrraddemo_01.jpg 1772w\" sizes=\"auto, (max-width: 300px) 100vw, 300px\" \/><figcaption id=\"caption-attachment-911\" class=\"wp-caption-text\">Oldenburger Fahrrad-Demonstranten auf dem Weg nach Hannover<br \/>Foto: Oldenburger Medienarchiv<\/figcaption><\/figure>\n<p>\u00dcber dieses herausragende Ereignis der fr\u00fchen Oldenburger Universit\u00e4tsgeschichte berichtete am 19. M\u00e4rz 2026 Universit\u00e4tsarchivar Dr. Gunnar B. Zimmermann in einem Vortrag, zu dem der <a href=\"https:\/\/www.oldenburger-landesverein.de\/\" target=\"_blank\" rel=\"noopener\">Oldenburger Landesverein<\/a> ins Nieders\u00e4chsische Landesarchiv, Abteilung Oldenburg eingeladen hatte. Der Vortrag erl\u00e4uterte Hintergr\u00fcnde und zu bef\u00fcrchtenden Folgen von Sparkurs und Ausbaustopp, beleuchtete das Ringen innerhalb der Studierendenschaft um das richtige Protestformat und zeichnete den konkreten Verlauf der Fahrrad-Demonstration nach.<\/p>\n<p>Im Anschluss an den Vortrag gab es seitens der interessierten Zuh\u00f6rerschaft zahlreiche R\u00fcckfragen und Hinweise zum Thema. Wer sich mit der Geschichte der Fahrrad-Demonstration weitergehend befassen m\u00f6chte, findet dazu im <a href=\"https:\/\/www.arcinsys.niedersachsen.de\/arcinsys\/einfachsuchen.action?pageName=einfachesuche&amp;methodName=einfach&amp;rechercheBean.defaultfield=Fahrraddemonstration&amp;rechercheBean.defaultfield_widget=Fahrraddemonstration++&amp;rechercheBean.von=&amp;rechercheBean.bis=&amp;rechercheBean.einfacheSucheRadioName=links&amp;__checkbox_rechercheBean.hasdigi=true\" target=\"_blank\" rel=\"noopener\">Universit\u00e4tsarchiv Oldenburg verschiedene Quellen und Objekte<\/a>, die als Forschungsgrundlage verwendet werden k\u00f6nnen.<\/p>\n","protected":false},"excerpt":{"rendered":"<p>Im Juni sind 50 Jahre vergangen, seit ca. 1.100 Studierende, Lehrende und Mitarbeitende der 1973\/74 gegr\u00fcndeten Universit\u00e4t Oldenburg sich mit dem Fahrrad aufmachten, um nach dreieinhalb Tagen im Sattel (vom 13. bis 16. Juni 1976) in der nieders\u00e4chsischen Landeshauptstadt gegen den verk\u00fcndeten Sparkurs der neuen CDU-Landesregierung unter Ministerpr\u00e4sident Ernst Albrecht sowie die damit verbundenen bildungspolitischen &hellip; <\/p>\n<p class=\"link-more\"><a href=\"https:\/\/blog.bis.uni-oldenburg.de\/uniarchiv\/50-jahre-oldenburger-fahrrad-demonstration-vortrag-im-oldenburger-landesverein\/\" class=\"more-link\"><span class=\"screen-reader-text\">\u201e50 Jahre Oldenburger Fahrrad-Demonstration \u2013 Vortrag im Oldenburger Landesverein\u201c <\/span>weiterlesen<\/a><\/p>\n","protected":false},"author":5,"featured_media":911,"comment_status":"open","ping_status":"open","sticky":false,"template":"","format":"standard","meta":{"_jetpack_memberships_contains_paid_content":false,"footnotes":""},"categories":[1],"tags":[78,77,18],"class_list":["post-909","post","type-post","status-publish","format-standard","has-post-thumbnail","hentry","category-allgemein","tag-bildungspolitik","tag-fahrrad-demonstration","tag-universitaet-oldenburg","entry"],"jetpack_featured_media_url":"https:\/\/blog.bis.uni-oldenburg.de\/uniarchiv\/wp-content\/uploads\/2026\/04\/Medienarchiv-OL_Fahrraddemo_01.jpg","jetpack_sharing_enabled":true,"_links":{"self":[{"href":"https:\/\/blog.bis.uni-oldenburg.de\/uniarchiv\/wp-json\/wp\/v2\/posts\/909","targetHints":{"allow":["GET"]}}],"collection":[{"href":"https:\/\/blog.bis.uni-oldenburg.de\/uniarchiv\/wp-json\/wp\/v2\/posts"}],"about":[{"href":"https:\/\/blog.bis.uni-oldenburg.de\/uniarchiv\/wp-json\/wp\/v2\/types\/post"}],"author":[{"embeddable":true,"href":"https:\/\/blog.bis.uni-oldenburg.de\/uniarchiv\/wp-json\/wp\/v2\/users\/5"}],"replies":[{"embeddable":true,"href":"https:\/\/blog.bis.uni-oldenburg.de\/uniarchiv\/wp-json\/wp\/v2\/comments?post=909"}],"version-history":[{"count":5,"href":"https:\/\/blog.bis.uni-oldenburg.de\/uniarchiv\/wp-json\/wp\/v2\/posts\/909\/revisions"}],"predecessor-version":[{"id":915,"href":"https:\/\/blog.bis.uni-oldenburg.de\/uniarchiv\/wp-json\/wp\/v2\/posts\/909\/revisions\/915"}],"wp:featuredmedia":[{"embeddable":true,"href":"https:\/\/blog.bis.uni-oldenburg.de\/uniarchiv\/wp-json\/wp\/v2\/media\/911"}],"wp:attachment":[{"href":"https:\/\/blog.bis.uni-oldenburg.de\/uniarchiv\/wp-json\/wp\/v2\/media?parent=909"}],"wp:term":[{"taxonomy":"category","embeddable":true,"href":"https:\/\/blog.bis.uni-oldenburg.de\/uniarchiv\/wp-json\/wp\/v2\/categories?post=909"},{"taxonomy":"post_tag","embeddable":true,"href":"https:\/\/blog.bis.uni-oldenburg.de\/uniarchiv\/wp-json\/wp\/v2\/tags?post=909"}],"curies":[{"name":"wp","href":"https:\/\/api.w.org\/{rel}","templated":true}]}}